{"id":4318,"date":"2023-03-29T15:55:21","date_gmt":"2023-03-29T13:55:21","guid":{"rendered":"https:\/\/angeliquedegand.com\/?p=4318"},"modified":"2026-04-14T18:02:10","modified_gmt":"2026-04-14T16:02:10","slug":"8-mars-journee-internationale-des-droits-des-femmes","status":"publish","type":"post","link":"https:\/\/angeliquedegand.com\/index.php\/2023\/03\/29\/8-mars-journee-internationale-des-droits-des-femmes\/","title":{"rendered":"8 Mars journ\u00e9e internationale des droits des femmes"},"content":{"rendered":"\t\t<div data-elementor-type=\"wp-post\" data-elementor-id=\"4318\" class=\"elementor elementor-4318\">\n\t\t\t\t<div class=\"elementor-element elementor-element-9a1e6c4 e-flex e-con-boxed e-con e-parent\" data-id=\"9a1e6c4\" data-element_type=\"container\" data-e-type=\"container\">\n\t\t\t\t\t<div class=\"e-con-inner\">\n\t\t\t\t<div class=\"elementor-element elementor-element-57552a7 elementor-widget elementor-widget-heading\" data-id=\"57552a7\" data-element_type=\"widget\" data-e-type=\"widget\" data-widget_type=\"heading.default\">\n\t\t\t\t<div class=\"elementor-widget-container\">\n\t\t\t\t\t<h1 class=\"elementor-heading-title elementor-size-default\">Le 8 Mars, journ\u00e9e d'action internationale pour les droits des femmes<\/h1>\t\t\t\t<\/div>\n\t\t\t\t<\/div>\n\t\t\t\t\t<\/div>\n\t\t\t\t<\/div>\n\t\t\t\t<section class=\"elementor-section elementor-top-section elementor-element elementor-element-28f365c elementor-section-boxed elementor-section-height-default elementor-section-height-default\" data-id=\"28f365c\" data-element_type=\"section\" data-e-type=\"section\">\n\t\t\t\t\t\t<div class=\"elementor-container elementor-column-gap-default\">\n\t\t\t\t\t<div class=\"elementor-column elementor-col-100 elementor-top-column elementor-element elementor-element-6d9f11f\" data-id=\"6d9f11f\" data-element_type=\"column\" data-e-type=\"column\">\n\t\t\t<div class=\"elementor-widget-wrap elementor-element-populated\">\n\t\t\t\t\t\t<div class=\"elementor-element elementor-element-ad0bab4 elementor-widget elementor-widget-text-editor\" data-id=\"ad0bab4\" data-element_type=\"widget\" data-e-type=\"widget\" data-widget_type=\"text-editor.default\">\n\t\t\t\t<div class=\"elementor-widget-container\">\n\t\t\t\t\t\t\t\t\t<p>Depuis tout temps, d&rsquo;illustres femmes se sont battues pour faire respecter les droits des femmes. Notamment Olympe de Gouges qui publia en 1791 la d\u00e9claration des droits de la femme et de la citoyenne, pourtant la r\u00e9volution Fran\u00e7aise ne changera et ne prendra pas en compte la condition des femmes. Au contraire, en 1804 le code civil leur fermera le chemin de la citoyennet\u00e9. Ce n&rsquo;est qu&rsquo;\u00e0 partir du XX \u00e8me si\u00e8cle que les choses ont commenc\u00e9 \u00e0 chang\u00e9, cependant bien que les mentalit\u00e9s \u00e9voluent en ce sens, nous ne sommes aujourd&rsquo;hui toujours pas sur le m\u00eame pieds d&rsquo;\u00e9galit\u00e9 que les hommes et devons nous battre deux fois plus dans notre quotidien ce qui engendre chez la femme une charge mentale cons\u00e9quente. <\/p>\t\t\t\t\t\t\t\t<\/div>\n\t\t\t\t<\/div>\n\t\t\t\t\t<\/div>\n\t\t<\/div>\n\t\t\t\t\t<\/div>\n\t\t<\/section>\n\t\t\t\t<section class=\"elementor-section elementor-top-section elementor-element elementor-element-c06d90b elementor-section-boxed elementor-section-height-default elementor-section-height-default\" data-id=\"c06d90b\" data-element_type=\"section\" data-e-type=\"section\">\n\t\t\t\t\t\t<div class=\"elementor-container elementor-column-gap-default\">\n\t\t\t\t\t<div class=\"elementor-column elementor-col-50 elementor-top-column elementor-element elementor-element-86c5e2f\" data-id=\"86c5e2f\" data-element_type=\"column\" data-e-type=\"column\">\n\t\t\t<div class=\"elementor-widget-wrap elementor-element-populated\">\n\t\t\t\t\t\t<div class=\"elementor-element elementor-element-5aea462 elementor-widget elementor-widget-video\" data-id=\"5aea462\" data-element_type=\"widget\" data-e-type=\"widget\" data-settings=\"{&quot;youtube_url&quot;:&quot;https:\\\/\\\/youtu.be\\\/umOAW1p9Mbs&quot;,&quot;autoplay&quot;:&quot;yes&quot;,&quot;play_on_mobile&quot;:&quot;yes&quot;,&quot;video_type&quot;:&quot;youtube&quot;,&quot;controls&quot;:&quot;yes&quot;}\" data-widget_type=\"video.default\">\n\t\t\t\t<div class=\"elementor-widget-container\">\n\t\t\t\t\t\t\t<div class=\"elementor-wrapper elementor-open-inline\">\n\t\t\t<div class=\"elementor-video\"><\/div>\t\t<\/div>\n\t\t\t\t\t\t<\/div>\n\t\t\t\t<\/div>\n\t\t\t\t\t<\/div>\n\t\t<\/div>\n\t\t\t\t<div class=\"elementor-column elementor-col-50 elementor-top-column elementor-element elementor-element-5d1293d\" data-id=\"5d1293d\" data-element_type=\"column\" data-e-type=\"column\">\n\t\t\t<div class=\"elementor-widget-wrap elementor-element-populated\">\n\t\t\t\t\t\t<div class=\"elementor-element elementor-element-a7716bc elementor-widget elementor-widget-text-editor\" data-id=\"a7716bc\" data-element_type=\"widget\" data-e-type=\"widget\" data-widget_type=\"text-editor.default\">\n\t\t\t\t<div class=\"elementor-widget-container\">\n\t\t\t\t\t\t\t\t\t<p>En ce 8 Mars, nous f\u00eatons la journ\u00e9e internationale des droits des femmes. Officialis\u00e9e par L&rsquo;ONU ( organisation des nations unies ) en 1977, la journ\u00e9e pour le droit des femmes couvre diff\u00e9rents \u00e9v\u00e9nements \u00e0 travers le monde qui ont pour objectifs de mobiliser pour l&rsquo;\u00e9galit\u00e9 entre les femmes et les hommes. Bien que les choses aient \u00e9volu\u00e9 depuis le XX \u00e8me si\u00e8cle il reste encore beaucoup \u00e0 faire sur la place des femmes dans notre soci\u00e9t\u00e9. Ce n&rsquo;est d&rsquo;ailleurs qu&rsquo;en 1982 sous l&rsquo;\u00e9lan d&rsquo;Yvette Roudy, Ministre d\u00e9l\u00e9gu\u00e9e aux droits des femmes que la France reconnait le <strong>8 Mars<\/strong> comme la journ\u00e9e internationale des droits des femmes . En suivant ce lien vous trouverez l&rsquo;\u00e9volution chronologique des droits des femmes d&rsquo;hier \u00e0 aujourd&rsquo;hui<\/p><p><a href=\"https:\/\/www.vie-publique.fr\/eclairage\/19590-chronologie-des-droits-des-femmes\">https:\/\/www.vie-publique.fr\/eclairage\/19590-chronologie-des-droits-des-femmes<\/a><\/p>\t\t\t\t\t\t\t\t<\/div>\n\t\t\t\t<\/div>\n\t\t\t\t\t<\/div>\n\t\t<\/div>\n\t\t\t\t\t<\/div>\n\t\t<\/section>\n\t\t\t\t<section class=\"elementor-section elementor-top-section elementor-element elementor-element-e20086a elementor-section-boxed elementor-section-height-default elementor-section-height-default\" data-id=\"e20086a\" data-element_type=\"section\" data-e-type=\"section\">\n\t\t\t\t\t\t<div class=\"elementor-container elementor-column-gap-default\">\n\t\t\t\t\t<div class=\"elementor-column elementor-col-100 elementor-top-column elementor-element elementor-element-054ce90\" data-id=\"054ce90\" data-element_type=\"column\" data-e-type=\"column\">\n\t\t\t<div class=\"elementor-widget-wrap elementor-element-populated\">\n\t\t\t\t\t\t<div class=\"elementor-element elementor-element-760b4df elementor-widget elementor-widget-heading\" data-id=\"760b4df\" data-element_type=\"widget\" data-e-type=\"widget\" data-widget_type=\"heading.default\">\n\t\t\t\t<div class=\"elementor-widget-container\">\n\t\t\t\t\t<h1 class=\"elementor-heading-title elementor-size-default\">La sophrologie pour soulager la charge mentale des femmes<\/h1>\t\t\t\t<\/div>\n\t\t\t\t<\/div>\n\t\t\t\t\t<\/div>\n\t\t<\/div>\n\t\t\t\t\t<\/div>\n\t\t<\/section>\n\t\t\t\t<section class=\"elementor-section elementor-top-section elementor-element elementor-element-ace3ae6 elementor-section-boxed elementor-section-height-default elementor-section-height-default\" data-id=\"ace3ae6\" data-element_type=\"section\" data-e-type=\"section\">\n\t\t\t\t\t\t<div class=\"elementor-container elementor-column-gap-default\">\n\t\t\t\t\t<div class=\"elementor-column elementor-col-100 elementor-top-column elementor-element elementor-element-0482174\" data-id=\"0482174\" data-element_type=\"column\" data-e-type=\"column\">\n\t\t\t<div class=\"elementor-widget-wrap elementor-element-populated\">\n\t\t\t\t\t\t<div class=\"elementor-element elementor-element-7bd3f49 elementor-widget elementor-widget-text-editor\" data-id=\"7bd3f49\" data-element_type=\"widget\" data-e-type=\"widget\" data-widget_type=\"text-editor.default\">\n\t\t\t\t<div class=\"elementor-widget-container\">\n\t\t\t\t\t\t\t\t\t<p>Penser quotidiennement aux diff\u00e9rentes t\u00e2ches m\u00e9nag\u00e8res , \u00e0 la gestion du couple, de la famille, du travail, des activit\u00e9s diverses et vari\u00e9s s&rsquo;appellent \u00a0\u00bb charge mentale\u00a0\u00bb. Le poids mental du quotidien peut engendrer des cons\u00e9quences importantes sur le bien-\u00eatre physique et psychique qui peut m\u00eame aller jusqu&rsquo;au burn-out ( m\u00e9nager, familiale, social, professionnel ).<\/p><p>En effet, devoir penser \u00e0 tout pour le bon fonctionnement du foyer, du travail devient parfois compliqu\u00e9 \u00e0 g\u00e9rer au quotidien et engendre une certaine agitation mentale et des tensions physiques peuvent apparaitre. Bien qu&rsquo;au fil du temps des progr\u00e8s aient eu lieu entre les hommes et les femmes, l&rsquo;in\u00e9galit\u00e9 dans la r\u00e9partition des t\u00e2ches quotidiennes demeurent.<\/p><p>La sophrologie va permettre de prendre du recul et de l\u00e2cher-prise sur ce besoin de tout contr\u00f4ler, de tout g\u00e9rer. Elle va aider \u00e0 \u00e9vacuer le stress causer par le surmenage et apporter le calme et la s\u00e9r\u00e9nit\u00e9 en soi en apprenant \u00e0 se prot\u00e9ger du surmenage. Diff\u00e9rents exercices de relaxation dynamique et statique vous permettront de prendre soin de vous afin de retrouver l&rsquo;estime de soi , de ses capacit\u00e9s . Voici un article dans le magazine sophro-actu qui parle de la charge mentale <a href=\"https:\/\/www.sophrologie-actualite.fr\/sophrologie-soutien-pour-soulager-charge-mentale-femmes\/\">https:\/\/www.sophrologie-actualite.fr\/sophrologie-soutien-pour-soulager-charge-mentale-femmes\/<\/a><\/p><p>\u00a0<\/p>\t\t\t\t\t\t\t\t<\/div>\n\t\t\t\t<\/div>\n\t\t\t\t\t<\/div>\n\t\t<\/div>\n\t\t\t\t\t<\/div>\n\t\t<\/section>\n\t\t\t\t<section class=\"elementor-section elementor-top-section elementor-element elementor-element-e043e44 elementor-section-boxed elementor-section-height-default elementor-section-height-default\" data-id=\"e043e44\" data-element_type=\"section\" data-e-type=\"section\">\n\t\t\t\t\t\t<div class=\"elementor-container elementor-column-gap-default\">\n\t\t\t\t\t<div class=\"elementor-column elementor-col-100 elementor-top-column elementor-element elementor-element-7ca2e23\" data-id=\"7ca2e23\" data-element_type=\"column\" data-e-type=\"column\">\n\t\t\t<div class=\"elementor-widget-wrap elementor-element-populated\">\n\t\t\t\t\t\t<div class=\"elementor-element elementor-element-acce3a8 elementor-widget elementor-widget-heading\" data-id=\"acce3a8\" data-element_type=\"widget\" data-e-type=\"widget\" data-widget_type=\"heading.default\">\n\t\t\t\t<div class=\"elementor-widget-container\">\n\t\t\t\t\t<h1 class=\"elementor-heading-title elementor-size-default\">Je vous propose 3 exercices de relaxation pour vous aider \u00e0 mieux g\u00e9rer la charge mentale<\/h1>\t\t\t\t<\/div>\n\t\t\t\t<\/div>\n\t\t\t\t\t<\/div>\n\t\t<\/div>\n\t\t\t\t\t<\/div>\n\t\t<\/section>\n\t\t\t\t<section class=\"elementor-section elementor-top-section elementor-element elementor-element-a3c6c47 elementor-section-boxed elementor-section-height-default elementor-section-height-default\" data-id=\"a3c6c47\" data-element_type=\"section\" data-e-type=\"section\">\n\t\t\t\t\t\t<div class=\"elementor-container elementor-column-gap-default\">\n\t\t\t\t\t<div class=\"elementor-column elementor-col-33 elementor-top-column elementor-element elementor-element-8af36a7\" data-id=\"8af36a7\" data-element_type=\"column\" data-e-type=\"column\">\n\t\t\t<div class=\"elementor-widget-wrap elementor-element-populated\">\n\t\t\t\t\t\t<div class=\"elementor-element elementor-element-9230b8d elementor-widget elementor-widget-text-editor\" data-id=\"9230b8d\" data-element_type=\"widget\" data-e-type=\"widget\" data-widget_type=\"text-editor.default\">\n\t\t\t\t<div class=\"elementor-widget-container\">\n\t\t\t\t\t\t\t\t\t<h4><strong>L&rsquo;exercice des \u00e9paules<br \/><\/strong><\/h4><p>Cet exercice favorise le l\u00e2cher-prise et va vous permettre de prendre du recul en vous lib\u00e9rant des tensions accumul\u00e9es.<\/p><p>Debout, confortablement install\u00e9e, les pieds sont \u00e9cart\u00e9s au niveau de la largeur du bassin, genoux d\u00e9verrouiller dos bien droit \u00e9paules rel\u00e2ch\u00e9es t\u00eate droite, yeux fermer.<\/p><p>Pour commencer vous allez prendre une profonde inspiration par le nez, retenir votre respiration quelques secondes et expirer par la bouche afin de vous mettre en condition de d\u00e9tente.<\/p><p>Maintenant, toujours les yeux fermer dans la m\u00eame position vous allez inspirer par le nez, fermer vos poings en imaginant attraper toutes les tensions, le n\u00e9gatif accumuler, bloquez la respiration et faire plusieurs mouvements de haut en bas avec vos \u00e9paules et expirer par la bouche en ouvrant vos mains pour l\u00e2cher le n\u00e9gatif, les tensions&#8230; apr\u00e8s un court temps d&rsquo;int\u00e9gration des ressentis, des sensations. Cet exercice est \u00e0 faire 3 fois.<strong><br \/><\/strong><\/p><p><strong>\u00a0<\/strong><\/p><p><strong>\u00a0<\/strong><\/p>\t\t\t\t\t\t\t\t<\/div>\n\t\t\t\t<\/div>\n\t\t\t\t\t<\/div>\n\t\t<\/div>\n\t\t\t\t<div class=\"elementor-column elementor-col-33 elementor-top-column elementor-element elementor-element-64f6337\" data-id=\"64f6337\" data-element_type=\"column\" data-e-type=\"column\">\n\t\t\t<div class=\"elementor-widget-wrap elementor-element-populated\">\n\t\t\t\t\t\t<div class=\"elementor-element elementor-element-21f1b67 elementor-widget elementor-widget-text-editor\" data-id=\"21f1b67\" data-element_type=\"widget\" data-e-type=\"widget\" data-widget_type=\"text-editor.default\">\n\t\t\t\t<div class=\"elementor-widget-container\">\n\t\t\t\t\t\t\t\t\t<h4><strong>La bulle de d\u00e9tente<br \/><\/strong><\/h4><p>Je vous propose de pratiquer cet exercice assis, confortablement install\u00e9e sur une chaise ou dans un fauteuil les yeux fermer, prenez conscience de votre respiration naturelle et de son rythme.<\/p><p>A l&rsquo;inspiration suivante, vous bloquez la respiration 3 secondes et vous soufflez doucement comme dans une paille. Ensuite vous allez laisser venir \u00e0 vous une couleur qui pour vous est associ\u00e9 au bien-\u00eatre et \u00e0 la d\u00e9tente.<\/p><p>Vous allez ensuite int\u00e9grer en vous votre couleur et \u00e0 l&rsquo;expiration laisser se diffuser cette couleur d\u00e9tente dans tout votre corps de la t\u00eate jusqu&rsquo;aux pieds.<\/p><p>Laissez-vous envelopper par la couleur choisie dans votre bulle de bien-\u00eatre en vous d\u00e9tendant au fur et \u00e0 mesure de sa diffusion dans tout votre corps. Cet exercice est \u00e0 faire 3 fois.<strong><br \/><\/strong><\/p>\t\t\t\t\t\t\t\t<\/div>\n\t\t\t\t<\/div>\n\t\t\t\t\t<\/div>\n\t\t<\/div>\n\t\t\t\t<div class=\"elementor-column elementor-col-33 elementor-top-column elementor-element elementor-element-ccb4ce9\" data-id=\"ccb4ce9\" data-element_type=\"column\" data-e-type=\"column\">\n\t\t\t<div class=\"elementor-widget-wrap elementor-element-populated\">\n\t\t\t\t\t\t<div class=\"elementor-element elementor-element-72f012e elementor-widget elementor-widget-text-editor\" data-id=\"72f012e\" data-element_type=\"widget\" data-e-type=\"widget\" data-widget_type=\"text-editor.default\">\n\t\t\t\t<div class=\"elementor-widget-container\">\n\t\t\t\t\t\t\t\t\t<h4><strong>Le sophro-d\u00e9placement du n\u00e9gatif<\/strong><\/h4><p>Cet exercice de relaxation se pratique assis, debout ou allong\u00e9. Confortablement install\u00e9, vous allez inspirer par le nez , bloquer la respiration un court instant en contractant tout les muscles de votre corps et rel\u00e2cher tout les muscles \u00e0 l&rsquo;expire. Accueillez vos sensations.<\/p><p>Maintenant m\u00eame chose pour votre visage, la t\u00eate et le cou bloquer la respiration 3 secondes et rel\u00e2cher les muscles en expirant fortement par la bouche, pour expulser vers l&rsquo;ext\u00e9rieur les tensions accumuler dans votre 1er syst\u00e8me.<\/p><p>Vous allez r\u00e9p\u00e9ter l&rsquo;exercice pr\u00e9c\u00e9dent sur le 2\u00e8me syst\u00e8me, la partie \u00e9paules, bras, mains.<\/p><p>Puis sur le 3\u00e8me syst\u00e8me thorax, dos, ventre.<\/p><p>Puis sur le 4\u00e8me syst\u00e8me, bassin, hanches, p\u00e9rin\u00e9e.<\/p><p>Le 5\u00e8me syst\u00e8me, Fessier, jambes, pieds.<\/p><p>Enfin terminer cet exercice par une profonde inspiration, bloquer la respiration quelques secondes en contractant de nouveau tout les muscles du corps et on rel\u00e2che \u00e0 l&rsquo;expiration.<\/p><p>Ceci afin d&rsquo;\u00e9liminer les derni\u00e8res tensions mentales, physiques, \u00e9motionnelles.<strong><br \/><\/strong><\/p>\t\t\t\t\t\t\t\t<\/div>\n\t\t\t\t<\/div>\n\t\t\t\t\t<\/div>\n\t\t<\/div>\n\t\t\t\t\t<\/div>\n\t\t<\/section>\n\t\t\t\t<\/div>\n\t\t","protected":false},"excerpt":{"rendered":"<p>Le 8 Mars, journ\u00e9e d&rsquo;action internationale pour les droits des femmes Depuis tout temps, d&rsquo;illustres femmes se sont battues pour faire respecter les droits des femmes. Notamment Olympe de Gouges &hellip; <\/p>\n","protected":false},"author":1,"featured_media":9581,"comment_status":"closed","ping_status":"open","sticky":false,"template":"elementor_theme","format":"standard","meta":{"footnotes":""},"categories":[17],"tags":[26],"class_list":["post-4318","post","type-post","status-publish","format-standard","has-post-thumbnail","hentry","category-actualites","tag-actualites"],"yoast_head":"<!-- This site is optimized with the Yoast SEO plugin v27.4 - https:\/\/yoast.com\/product\/yoast-seo-wordpress\/ -->\n<title>8 Mars journ\u00e9e internationale des droits des femmes - Ang\u00e9lique DEGAND<\/title>\n<meta name=\"robots\" content=\"index, follow, max-snippet:-1, max-image-preview:large, max-video-preview:-1\" \/>\n<link rel=\"canonical\" href=\"https:\/\/angeliquedegand.com\/index.php\/2023\/03\/29\/8-mars-journee-internationale-des-droits-des-femmes\/\" \/>\n<meta property=\"og:locale\" content=\"fr_FR\" \/>\n<meta property=\"og:type\" content=\"article\" \/>\n<meta property=\"og:title\" content=\"8 Mars journ\u00e9e internationale des droits des femmes - Ang\u00e9lique DEGAND\" \/>\n<meta property=\"og:description\" content=\"Le 8 Mars, journ\u00e9e d&rsquo;action internationale pour les droits des femmes Depuis tout temps, d&rsquo;illustres femmes se sont battues pour faire respecter les droits des femmes. Notamment Olympe de Gouges &hellip;\" \/>\n<meta property=\"og:url\" content=\"https:\/\/angeliquedegand.com\/index.php\/2023\/03\/29\/8-mars-journee-internationale-des-droits-des-femmes\/\" \/>\n<meta property=\"og:site_name\" content=\"Ang\u00e9lique DEGAND\" \/>\n<meta property=\"article:published_time\" content=\"2023-03-29T13:55:21+00:00\" \/>\n<meta property=\"article:modified_time\" content=\"2026-04-14T16:02:10+00:00\" \/>\n<meta property=\"og:image\" content=\"https:\/\/angeliquedegand.com\/wp-content\/uploads\/2023\/03\/360_F_722268290_LyEjtSzbHnp6nqY2SH6a4DL5J5G5GtBc.jpg\" \/>\n\t<meta property=\"og:image:width\" content=\"617\" \/>\n\t<meta property=\"og:image:height\" content=\"360\" \/>\n\t<meta property=\"og:image:type\" content=\"image\/jpeg\" \/>\n<meta name=\"author\" content=\"Ang\u00e9lique DEGAND\" \/>\n<meta name=\"twitter:card\" content=\"summary_large_image\" \/>\n<meta name=\"twitter:label1\" content=\"\u00c9crit par\" \/>\n\t<meta name=\"twitter:data1\" content=\"Ang\u00e9lique DEGAND\" \/>\n\t<meta name=\"twitter:label2\" content=\"Dur\u00e9e de lecture estim\u00e9e\" \/>\n\t<meta name=\"twitter:data2\" content=\"5 minutes\" \/>\n<script type=\"application\/ld+json\" class=\"yoast-schema-graph\">{\"@context\":\"https:\\\/\\\/schema.org\",\"@graph\":[{\"@type\":\"Article\",\"@id\":\"https:\\\/\\\/angeliquedegand.com\\\/index.php\\\/2023\\\/03\\\/29\\\/8-mars-journee-internationale-des-droits-des-femmes\\\/#article\",\"isPartOf\":{\"@id\":\"https:\\\/\\\/angeliquedegand.com\\\/index.php\\\/2023\\\/03\\\/29\\\/8-mars-journee-internationale-des-droits-des-femmes\\\/\"},\"author\":{\"name\":\"Ang\u00e9lique DEGAND\",\"@id\":\"https:\\\/\\\/angeliquedegand.com\\\/#\\\/schema\\\/person\\\/179f64edcb46cfd161c474c54a120c7e\"},\"headline\":\"8 Mars journ\u00e9e internationale des droits des femmes\",\"datePublished\":\"2023-03-29T13:55:21+00:00\",\"dateModified\":\"2026-04-14T16:02:10+00:00\",\"mainEntityOfPage\":{\"@id\":\"https:\\\/\\\/angeliquedegand.com\\\/index.php\\\/2023\\\/03\\\/29\\\/8-mars-journee-internationale-des-droits-des-femmes\\\/\"},\"wordCount\":1014,\"publisher\":{\"@id\":\"https:\\\/\\\/angeliquedegand.com\\\/#\\\/schema\\\/person\\\/179f64edcb46cfd161c474c54a120c7e\"},\"image\":{\"@id\":\"https:\\\/\\\/angeliquedegand.com\\\/index.php\\\/2023\\\/03\\\/29\\\/8-mars-journee-internationale-des-droits-des-femmes\\\/#primaryimage\"},\"thumbnailUrl\":\"https:\\\/\\\/angeliquedegand.com\\\/wp-content\\\/uploads\\\/2023\\\/03\\\/360_F_722268290_LyEjtSzbHnp6nqY2SH6a4DL5J5G5GtBc.jpg\",\"keywords\":[\"Actualit\u00e9s\"],\"articleSection\":[\"Actualit\u00e9s\"],\"inLanguage\":\"fr-FR\"},{\"@type\":\"WebPage\",\"@id\":\"https:\\\/\\\/angeliquedegand.com\\\/index.php\\\/2023\\\/03\\\/29\\\/8-mars-journee-internationale-des-droits-des-femmes\\\/\",\"url\":\"https:\\\/\\\/angeliquedegand.com\\\/index.php\\\/2023\\\/03\\\/29\\\/8-mars-journee-internationale-des-droits-des-femmes\\\/\",\"name\":\"8 Mars journ\u00e9e internationale des droits des femmes - Ang\u00e9lique DEGAND\",\"isPartOf\":{\"@id\":\"https:\\\/\\\/angeliquedegand.com\\\/#website\"},\"primaryImageOfPage\":{\"@id\":\"https:\\\/\\\/angeliquedegand.com\\\/index.php\\\/2023\\\/03\\\/29\\\/8-mars-journee-internationale-des-droits-des-femmes\\\/#primaryimage\"},\"image\":{\"@id\":\"https:\\\/\\\/angeliquedegand.com\\\/index.php\\\/2023\\\/03\\\/29\\\/8-mars-journee-internationale-des-droits-des-femmes\\\/#primaryimage\"},\"thumbnailUrl\":\"https:\\\/\\\/angeliquedegand.com\\\/wp-content\\\/uploads\\\/2023\\\/03\\\/360_F_722268290_LyEjtSzbHnp6nqY2SH6a4DL5J5G5GtBc.jpg\",\"datePublished\":\"2023-03-29T13:55:21+00:00\",\"dateModified\":\"2026-04-14T16:02:10+00:00\",\"breadcrumb\":{\"@id\":\"https:\\\/\\\/angeliquedegand.com\\\/index.php\\\/2023\\\/03\\\/29\\\/8-mars-journee-internationale-des-droits-des-femmes\\\/#breadcrumb\"},\"inLanguage\":\"fr-FR\",\"potentialAction\":[{\"@type\":\"ReadAction\",\"target\":[\"https:\\\/\\\/angeliquedegand.com\\\/index.php\\\/2023\\\/03\\\/29\\\/8-mars-journee-internationale-des-droits-des-femmes\\\/\"]}]},{\"@type\":\"ImageObject\",\"inLanguage\":\"fr-FR\",\"@id\":\"https:\\\/\\\/angeliquedegand.com\\\/index.php\\\/2023\\\/03\\\/29\\\/8-mars-journee-internationale-des-droits-des-femmes\\\/#primaryimage\",\"url\":\"https:\\\/\\\/angeliquedegand.com\\\/wp-content\\\/uploads\\\/2023\\\/03\\\/360_F_722268290_LyEjtSzbHnp6nqY2SH6a4DL5J5G5GtBc.jpg\",\"contentUrl\":\"https:\\\/\\\/angeliquedegand.com\\\/wp-content\\\/uploads\\\/2023\\\/03\\\/360_F_722268290_LyEjtSzbHnp6nqY2SH6a4DL5J5G5GtBc.jpg\",\"width\":617,\"height\":360},{\"@type\":\"BreadcrumbList\",\"@id\":\"https:\\\/\\\/angeliquedegand.com\\\/index.php\\\/2023\\\/03\\\/29\\\/8-mars-journee-internationale-des-droits-des-femmes\\\/#breadcrumb\",\"itemListElement\":[{\"@type\":\"ListItem\",\"position\":1,\"name\":\"Accueil\",\"item\":\"https:\\\/\\\/angeliquedegand.com\\\/\"},{\"@type\":\"ListItem\",\"position\":2,\"name\":\"8 Mars journ\u00e9e internationale des droits des femmes\"}]},{\"@type\":\"WebSite\",\"@id\":\"https:\\\/\\\/angeliquedegand.com\\\/#website\",\"url\":\"https:\\\/\\\/angeliquedegand.com\\\/\",\"name\":\"Ang\u00e9lique DEGAND\",\"description\":\"Sophrologue, Sophrot\u00e9rapeute et praticienne en th\u00e9rapies br\u00e8ves, \u00e0 Caen et \u00e0 Domjean - Normandie -\",\"publisher\":{\"@id\":\"https:\\\/\\\/angeliquedegand.com\\\/#\\\/schema\\\/person\\\/179f64edcb46cfd161c474c54a120c7e\"},\"potentialAction\":[{\"@type\":\"SearchAction\",\"target\":{\"@type\":\"EntryPoint\",\"urlTemplate\":\"https:\\\/\\\/angeliquedegand.com\\\/?s={search_term_string}\"},\"query-input\":{\"@type\":\"PropertyValueSpecification\",\"valueRequired\":true,\"valueName\":\"search_term_string\"}}],\"inLanguage\":\"fr-FR\"},{\"@type\":[\"Person\",\"Organization\"],\"@id\":\"https:\\\/\\\/angeliquedegand.com\\\/#\\\/schema\\\/person\\\/179f64edcb46cfd161c474c54a120c7e\",\"name\":\"Ang\u00e9lique DEGAND\",\"image\":{\"@type\":\"ImageObject\",\"inLanguage\":\"fr-FR\",\"@id\":\"https:\\\/\\\/secure.gravatar.com\\\/avatar\\\/3f3a80165b0fcaac567c5d4172d9e47142921b3fda8e5caee0575641aa655c76?s=96&d=mm&r=g\",\"url\":\"https:\\\/\\\/secure.gravatar.com\\\/avatar\\\/3f3a80165b0fcaac567c5d4172d9e47142921b3fda8e5caee0575641aa655c76?s=96&d=mm&r=g\",\"contentUrl\":\"https:\\\/\\\/secure.gravatar.com\\\/avatar\\\/3f3a80165b0fcaac567c5d4172d9e47142921b3fda8e5caee0575641aa655c76?s=96&d=mm&r=g\",\"caption\":\"Ang\u00e9lique DEGAND\"},\"logo\":{\"@id\":\"https:\\\/\\\/secure.gravatar.com\\\/avatar\\\/3f3a80165b0fcaac567c5d4172d9e47142921b3fda8e5caee0575641aa655c76?s=96&d=mm&r=g\"},\"sameAs\":[\"https:\\\/\\\/angeliquedegand.com\"],\"url\":\"https:\\\/\\\/angeliquedegand.com\\\/index.php\\\/author\\\/admin4774\\\/\"}]}<\/script>\n<!-- \/ Yoast SEO plugin. -->","yoast_head_json":{"title":"8 Mars journ\u00e9e internationale des droits des femmes - Ang\u00e9lique DEGAND","robots":{"index":"index","follow":"follow","max-snippet":"max-snippet:-1","max-image-preview":"max-image-preview:large","max-video-preview":"max-video-preview:-1"},"canonical":"https:\/\/angeliquedegand.com\/index.php\/2023\/03\/29\/8-mars-journee-internationale-des-droits-des-femmes\/","og_locale":"fr_FR","og_type":"article","og_title":"8 Mars journ\u00e9e internationale des droits des femmes - Ang\u00e9lique DEGAND","og_description":"Le 8 Mars, journ\u00e9e d&rsquo;action internationale pour les droits des femmes Depuis tout temps, d&rsquo;illustres femmes se sont battues pour faire respecter les droits des femmes. Notamment Olympe de Gouges &hellip;","og_url":"https:\/\/angeliquedegand.com\/index.php\/2023\/03\/29\/8-mars-journee-internationale-des-droits-des-femmes\/","og_site_name":"Ang\u00e9lique DEGAND","article_published_time":"2023-03-29T13:55:21+00:00","article_modified_time":"2026-04-14T16:02:10+00:00","og_image":[{"width":617,"height":360,"url":"https:\/\/angeliquedegand.com\/wp-content\/uploads\/2023\/03\/360_F_722268290_LyEjtSzbHnp6nqY2SH6a4DL5J5G5GtBc.jpg","type":"image\/jpeg"}],"author":"Ang\u00e9lique DEGAND","twitter_card":"summary_large_image","twitter_misc":{"\u00c9crit par":"Ang\u00e9lique DEGAND","Dur\u00e9e de lecture estim\u00e9e":"5 minutes"},"schema":{"@context":"https:\/\/schema.org","@graph":[{"@type":"Article","@id":"https:\/\/angeliquedegand.com\/index.php\/2023\/03\/29\/8-mars-journee-internationale-des-droits-des-femmes\/#article","isPartOf":{"@id":"https:\/\/angeliquedegand.com\/index.php\/2023\/03\/29\/8-mars-journee-internationale-des-droits-des-femmes\/"},"author":{"name":"Ang\u00e9lique DEGAND","@id":"https:\/\/angeliquedegand.com\/#\/schema\/person\/179f64edcb46cfd161c474c54a120c7e"},"headline":"8 Mars journ\u00e9e internationale des droits des femmes","datePublished":"2023-03-29T13:55:21+00:00","dateModified":"2026-04-14T16:02:10+00:00","mainEntityOfPage":{"@id":"https:\/\/angeliquedegand.com\/index.php\/2023\/03\/29\/8-mars-journee-internationale-des-droits-des-femmes\/"},"wordCount":1014,"publisher":{"@id":"https:\/\/angeliquedegand.com\/#\/schema\/person\/179f64edcb46cfd161c474c54a120c7e"},"image":{"@id":"https:\/\/angeliquedegand.com\/index.php\/2023\/03\/29\/8-mars-journee-internationale-des-droits-des-femmes\/#primaryimage"},"thumbnailUrl":"https:\/\/angeliquedegand.com\/wp-content\/uploads\/2023\/03\/360_F_722268290_LyEjtSzbHnp6nqY2SH6a4DL5J5G5GtBc.jpg","keywords":["Actualit\u00e9s"],"articleSection":["Actualit\u00e9s"],"inLanguage":"fr-FR"},{"@type":"WebPage","@id":"https:\/\/angeliquedegand.com\/index.php\/2023\/03\/29\/8-mars-journee-internationale-des-droits-des-femmes\/","url":"https:\/\/angeliquedegand.com\/index.php\/2023\/03\/29\/8-mars-journee-internationale-des-droits-des-femmes\/","name":"8 Mars journ\u00e9e internationale des droits des femmes - Ang\u00e9lique DEGAND","isPartOf":{"@id":"https:\/\/angeliquedegand.com\/#website"},"primaryImageOfPage":{"@id":"https:\/\/angeliquedegand.com\/index.php\/2023\/03\/29\/8-mars-journee-internationale-des-droits-des-femmes\/#primaryimage"},"image":{"@id":"https:\/\/angeliquedegand.com\/index.php\/2023\/03\/29\/8-mars-journee-internationale-des-droits-des-femmes\/#primaryimage"},"thumbnailUrl":"https:\/\/angeliquedegand.com\/wp-content\/uploads\/2023\/03\/360_F_722268290_LyEjtSzbHnp6nqY2SH6a4DL5J5G5GtBc.jpg","datePublished":"2023-03-29T13:55:21+00:00","dateModified":"2026-04-14T16:02:10+00:00","breadcrumb":{"@id":"https:\/\/angeliquedegand.com\/index.php\/2023\/03\/29\/8-mars-journee-internationale-des-droits-des-femmes\/#breadcrumb"},"inLanguage":"fr-FR","potentialAction":[{"@type":"ReadAction","target":["https:\/\/angeliquedegand.com\/index.php\/2023\/03\/29\/8-mars-journee-internationale-des-droits-des-femmes\/"]}]},{"@type":"ImageObject","inLanguage":"fr-FR","@id":"https:\/\/angeliquedegand.com\/index.php\/2023\/03\/29\/8-mars-journee-internationale-des-droits-des-femmes\/#primaryimage","url":"https:\/\/angeliquedegand.com\/wp-content\/uploads\/2023\/03\/360_F_722268290_LyEjtSzbHnp6nqY2SH6a4DL5J5G5GtBc.jpg","contentUrl":"https:\/\/angeliquedegand.com\/wp-content\/uploads\/2023\/03\/360_F_722268290_LyEjtSzbHnp6nqY2SH6a4DL5J5G5GtBc.jpg","width":617,"height":360},{"@type":"BreadcrumbList","@id":"https:\/\/angeliquedegand.com\/index.php\/2023\/03\/29\/8-mars-journee-internationale-des-droits-des-femmes\/#breadcrumb","itemListElement":[{"@type":"ListItem","position":1,"name":"Accueil","item":"https:\/\/angeliquedegand.com\/"},{"@type":"ListItem","position":2,"name":"8 Mars journ\u00e9e internationale des droits des femmes"}]},{"@type":"WebSite","@id":"https:\/\/angeliquedegand.com\/#website","url":"https:\/\/angeliquedegand.com\/","name":"Ang\u00e9lique DEGAND","description":"Sophrologue, Sophrot\u00e9rapeute et praticienne en th\u00e9rapies br\u00e8ves, \u00e0 Caen et \u00e0 Domjean - Normandie -","publisher":{"@id":"https:\/\/angeliquedegand.com\/#\/schema\/person\/179f64edcb46cfd161c474c54a120c7e"},"potentialAction":[{"@type":"SearchAction","target":{"@type":"EntryPoint","urlTemplate":"https:\/\/angeliquedegand.com\/?s={search_term_string}"},"query-input":{"@type":"PropertyValueSpecification","valueRequired":true,"valueName":"search_term_string"}}],"inLanguage":"fr-FR"},{"@type":["Person","Organization"],"@id":"https:\/\/angeliquedegand.com\/#\/schema\/person\/179f64edcb46cfd161c474c54a120c7e","name":"Ang\u00e9lique DEGAND","image":{"@type":"ImageObject","inLanguage":"fr-FR","@id":"https:\/\/secure.gravatar.com\/avatar\/3f3a80165b0fcaac567c5d4172d9e47142921b3fda8e5caee0575641aa655c76?s=96&d=mm&r=g","url":"https:\/\/secure.gravatar.com\/avatar\/3f3a80165b0fcaac567c5d4172d9e47142921b3fda8e5caee0575641aa655c76?s=96&d=mm&r=g","contentUrl":"https:\/\/secure.gravatar.com\/avatar\/3f3a80165b0fcaac567c5d4172d9e47142921b3fda8e5caee0575641aa655c76?s=96&d=mm&r=g","caption":"Ang\u00e9lique DEGAND"},"logo":{"@id":"https:\/\/secure.gravatar.com\/avatar\/3f3a80165b0fcaac567c5d4172d9e47142921b3fda8e5caee0575641aa655c76?s=96&d=mm&r=g"},"sameAs":["https:\/\/angeliquedegand.com"],"url":"https:\/\/angeliquedegand.com\/index.php\/author\/admin4774\/"}]}},"_links":{"self":[{"href":"https:\/\/angeliquedegand.com\/index.php\/wp-json\/wp\/v2\/posts\/4318","targetHints":{"allow":["GET"]}}],"collection":[{"href":"https:\/\/angeliquedegand.com\/index.php\/wp-json\/wp\/v2\/posts"}],"about":[{"href":"https:\/\/angeliquedegand.com\/index.php\/wp-json\/wp\/v2\/types\/post"}],"author":[{"embeddable":true,"href":"https:\/\/angeliquedegand.com\/index.php\/wp-json\/wp\/v2\/users\/1"}],"replies":[{"embeddable":true,"href":"https:\/\/angeliquedegand.com\/index.php\/wp-json\/wp\/v2\/comments?post=4318"}],"version-history":[{"count":2,"href":"https:\/\/angeliquedegand.com\/index.php\/wp-json\/wp\/v2\/posts\/4318\/revisions"}],"predecessor-version":[{"id":9583,"href":"https:\/\/angeliquedegand.com\/index.php\/wp-json\/wp\/v2\/posts\/4318\/revisions\/9583"}],"wp:featuredmedia":[{"embeddable":true,"href":"https:\/\/angeliquedegand.com\/index.php\/wp-json\/wp\/v2\/media\/9581"}],"wp:attachment":[{"href":"https:\/\/angeliquedegand.com\/index.php\/wp-json\/wp\/v2\/media?parent=4318"}],"wp:term":[{"taxonomy":"category","embeddable":true,"href":"https:\/\/angeliquedegand.com\/index.php\/wp-json\/wp\/v2\/categories?post=4318"},{"taxonomy":"post_tag","embeddable":true,"href":"https:\/\/angeliquedegand.com\/index.php\/wp-json\/wp\/v2\/tags?post=4318"}],"curies":[{"name":"wp","href":"https:\/\/api.w.org\/{rel}","templated":true}]}}