{"id":5085,"date":"2026-04-07T17:26:51","date_gmt":"2026-04-07T15:26:51","guid":{"rendered":"https:\/\/angeliquedegand.com\/?p=5085"},"modified":"2026-04-14T20:00:02","modified_gmt":"2026-04-14T18:00:02","slug":"la-sophrologie-pour-adolescents","status":"publish","type":"post","link":"https:\/\/angeliquedegand.com\/index.php\/2026\/04\/07\/la-sophrologie-pour-adolescents\/","title":{"rendered":"La sophrologie pour adolescents"},"content":{"rendered":"\t\t<div data-elementor-type=\"wp-post\" data-elementor-id=\"5085\" class=\"elementor elementor-5085\">\n\t\t\t\t<div class=\"elementor-element elementor-element-7bb351b e-flex e-con-boxed e-con e-parent\" data-id=\"7bb351b\" data-element_type=\"container\" data-e-type=\"container\">\n\t\t\t\t\t<div class=\"e-con-inner\">\n\t\t\t\t<div class=\"elementor-element elementor-element-840d383 elementor-widget elementor-widget-heading\" data-id=\"840d383\" data-element_type=\"widget\" data-e-type=\"widget\" data-widget_type=\"heading.default\">\n\t\t\t\t<div class=\"elementor-widget-container\">\n\t\t\t\t\t<h1 class=\"elementor-heading-title elementor-size-default\">Pourquoi consulter un sophrologue pour votre ado?<\/h1>\t\t\t\t<\/div>\n\t\t\t\t<\/div>\n\t\t\t\t\t<\/div>\n\t\t\t\t<\/div>\n\t\t<div class=\"elementor-element elementor-element-a03f829 e-flex e-con-boxed e-con e-parent\" data-id=\"a03f829\" data-element_type=\"container\" data-e-type=\"container\">\n\t\t\t\t\t<div class=\"e-con-inner\">\n\t\t\t\t<div class=\"elementor-element elementor-element-c48e4cf elementor-widget elementor-widget-text-editor\" data-id=\"c48e4cf\" data-element_type=\"widget\" data-e-type=\"widget\" data-widget_type=\"text-editor.default\">\n\t\t\t\t<div class=\"elementor-widget-container\">\n\t\t\t\t\t\t\t\t\t<p><span style=\"font-size: 15px;\">L\u2019adolescence est une p\u00e9riode de transition physique et psychique ou beaucoup de jeunes manquent de confiance en eux, se sentent stress\u00e9s, fatigu\u00e9s, angoiss\u00e9s, incompris\u2026 Ce passage est souvent synonyme de mal-\u00eatre, ou il faut quitter le monde de l\u2019enfance pour aborder celui de l\u2019adulte. La sophrologie se propose alors d\u2019aider les adolescents \u00e0 prendre confiance en eux en leur donnant des outils qui vont leur permettre de mieux g\u00e9rer leurs \u00e9motions en d\u00e9veloppant leur bien-\u00eatre, ce notamment \u00e0 l\u2019approche des examens.<\/span><\/p>\t\t\t\t\t\t\t\t<\/div>\n\t\t\t\t<\/div>\n\t\t\t\t\t<\/div>\n\t\t\t\t<\/div>\n\t\t<div class=\"elementor-element elementor-element-b43aaac e-flex e-con-boxed e-con e-parent\" data-id=\"b43aaac\" data-element_type=\"container\" data-e-type=\"container\">\n\t\t\t\t\t<div class=\"e-con-inner\">\n\t\t\t\t<div class=\"elementor-element elementor-element-2edbd25 elementor-widget elementor-widget-text-editor\" data-id=\"2edbd25\" data-element_type=\"widget\" data-e-type=\"widget\" data-widget_type=\"text-editor.default\">\n\t\t\t\t<div class=\"elementor-widget-container\">\n\t\t\t\t\t\t\t\t\t<p><span style=\"font-size: 15px;\">Selon les adolescents, et l&rsquo; environnement dans lequel ils \u00e9voluent ( famille, \u00e9cole&#8230;,) des probl\u00e9matiques vari\u00e9es peuvent apparaitre\u00a0 et les d\u00e9stabiliser en provocant, stress, anxi\u00e9t\u00e9, agressivit\u00e9, troubles du sommeil, de l&rsquo;alimentation etc&#8230;Le bien-\u00eatre de l&rsquo;adolescent peut alors \u00eatre mis \u00e0 mal durant les diff\u00e9rentes phases d&rsquo;\u00e9volutions et de transformations physiques et psychique qu&rsquo; il traverse durant cette p\u00e9riode. C&rsquo;est pour quoi l&rsquo;accompagnement sophrologique peut-\u00eatre une aide pr\u00e9cieuse pour d\u00e9velopp\u00e9 ses capacit\u00e9s et reprendre confiance en soi.<\/span><\/p>\t\t\t\t\t\t\t\t<\/div>\n\t\t\t\t<\/div>\n\t\t\t\t\t<\/div>\n\t\t\t\t<\/div>\n\t\t<div class=\"elementor-element elementor-element-d32cb66 e-flex e-con-boxed e-con e-parent\" data-id=\"d32cb66\" data-element_type=\"container\" data-e-type=\"container\">\n\t\t\t\t\t<div class=\"e-con-inner\">\n\t\t\t\t<div class=\"elementor-element elementor-element-830f6a1 elementor-widget elementor-widget-heading\" data-id=\"830f6a1\" data-element_type=\"widget\" data-e-type=\"widget\" data-widget_type=\"heading.default\">\n\t\t\t\t<div class=\"elementor-widget-container\">\n\t\t\t\t\t<h1 class=\"elementor-heading-title elementor-size-default\">Les motifs de consultations peuvent notamment \u00eatre pour:<\/h1>\t\t\t\t<\/div>\n\t\t\t\t<\/div>\n\t\t\t\t\t<\/div>\n\t\t\t\t<\/div>\n\t\t<div class=\"elementor-element elementor-element-449d682 e-flex e-con-boxed e-con e-parent\" data-id=\"449d682\" data-element_type=\"container\" data-e-type=\"container\">\n\t\t\t\t\t<div class=\"e-con-inner\">\n\t\t<div class=\"elementor-element elementor-element-5a6fb14 e-con-full e-flex e-con e-child\" data-id=\"5a6fb14\" data-element_type=\"container\" data-e-type=\"container\">\n\t\t\t\t<div class=\"elementor-element elementor-element-863aa5f elementor-widget elementor-widget-text-editor\" data-id=\"863aa5f\" data-element_type=\"widget\" data-e-type=\"widget\" data-widget_type=\"text-editor.default\">\n\t\t\t\t<div class=\"elementor-widget-container\">\n\t\t\t\t\t\t\t\t\t<ul>\n \t<li><span class=\"elementor-icon-list-text\">\u00a0Vivre mieux et accepter les modifications de son corps\n<\/span><\/li>\n \t<li>L&rsquo;expression de soi, la confiance en soi<\/li>\n \t<li>Apprendre \u00e0 optimiser sa respiration selon le besoin<\/li>\n \t<li>Apprendre \u00e0 se d\u00e9tendre, \u00e0 se relaxer<\/li>\n \t<li><span class=\"elementor-icon-list-text\">Apprendre \u00e0 r\u00e9cup\u00e9rer<\/span><\/li>\n \t<li>\u00a0D\u00e9velopper sa m\u00e9moire <span class=\"elementor-icon-list-text\">sa concentration<\/span><\/li>\n \t<li> <span class=\"elementor-icon-list-text\">Am\u00e9liorer son sommeil<\/span><\/li>\n \t<li> <span class=\"elementor-icon-list-text\">Apprendre \u00e0 ma\u00eetriser sa respiration<\/span><\/li>\n \t<li><span class=\"elementor-icon-list-text\">D\u00e9velopper sa cr\u00e9ativit\u00e9<\/span><\/li>\n \t<li> <span class=\"elementor-icon-list-text\">D\u00e9velopper l&rsquo;esprit d&rsquo;entraide et la coh\u00e9sion de classe<\/span><\/li>\n<\/ul>\t\t\t\t\t\t\t\t<\/div>\n\t\t\t\t<\/div>\n\t\t\t\t<\/div>\n\t\t<div class=\"elementor-element elementor-element-05ac511 e-con-full e-flex e-con e-child\" data-id=\"05ac511\" data-element_type=\"container\" data-e-type=\"container\">\n\t\t\t\t<div class=\"elementor-element elementor-element-f7ea883 elementor-widget elementor-widget-text-editor\" data-id=\"f7ea883\" data-element_type=\"widget\" data-e-type=\"widget\" data-widget_type=\"text-editor.default\">\n\t\t\t\t<div class=\"elementor-widget-container\">\n\t\t\t\t\t\t\t\t\t<ul>\n \t<li><span class=\"elementor-icon-list-text\">Aide au rel\u00e2chement des tensions physiques et mentales<\/span><\/li>\n \t<li> <span class=\"elementor-icon-list-text\">Aide \u00e0 identifier et \u00e0 mieux g\u00e9rer ses \u00e9motions, son stress&#8230;<\/span><\/li>\n \t<li> <span class=\"elementor-icon-list-text\">Aide \u00e0 s&rsquo;affirmer, a se responsabiliser\n<\/span><\/li>\n \t<li>Combattre les m\u00e9faits du harc\u00e8lement scolaire&#8230;<span class=\"elementor-icon-list-text\">\n<\/span><\/li>\n \t<li><span class=\"elementor-icon-list-text\">Prendre confiance en soi, renforcer l&rsquo;estime de soi<\/span><\/li>\n \t<li><span class=\"elementor-icon-list-text\">Prendre conscience de son sch\u00e9ma corporel<\/span><\/li>\n \t<li><span class=\"elementor-icon-list-text\">Se pr\u00e9parer \u00e0 un examen ou \u00e0 une comp\u00e9tition<\/span><\/li>\n \t<li><span class=\"elementor-icon-list-text\">D\u00e9velopper une \u00e9coute bienveillante envers soi et envers l&rsquo;autre<\/span><\/li>\n<\/ul>\t\t\t\t\t\t\t\t<\/div>\n\t\t\t\t<\/div>\n\t\t\t\t<\/div>\n\t\t\t\t\t<\/div>\n\t\t\t\t<\/div>\n\t\t<div class=\"elementor-element elementor-element-2b673e9 e-flex e-con-boxed e-con e-parent\" data-id=\"2b673e9\" data-element_type=\"container\" data-e-type=\"container\">\n\t\t\t\t\t<div class=\"e-con-inner\">\n\t\t\t\t<div class=\"elementor-element elementor-element-4f07104 elementor-widget elementor-widget-heading\" data-id=\"4f07104\" data-element_type=\"widget\" data-e-type=\"widget\" data-widget_type=\"heading.default\">\n\t\t\t\t<div class=\"elementor-widget-container\">\n\t\t\t\t\t<h1 class=\"elementor-heading-title elementor-size-default\">Comment?<\/h1>\t\t\t\t<\/div>\n\t\t\t\t<\/div>\n\t\t\t\t\t<\/div>\n\t\t\t\t<\/div>\n\t\t<div class=\"elementor-element elementor-element-4457ed6 e-flex e-con-boxed e-con e-parent\" data-id=\"4457ed6\" data-element_type=\"container\" data-e-type=\"container\">\n\t\t\t\t\t<div class=\"e-con-inner\">\n\t\t\t\t<div class=\"elementor-element elementor-element-056c04d elementor-widget elementor-widget-text-editor\" data-id=\"056c04d\" data-element_type=\"widget\" data-e-type=\"widget\" data-widget_type=\"text-editor.default\">\n\t\t\t\t<div class=\"elementor-widget-container\">\n\t\t\t\t\t\t\t\t\t<p><span style=\"font-size: 15px;\">Les exercices sophrologiques respiratoires, de relaxation musculaire et de visualisations positives vont aider les adolescents \u00e0 am\u00e9liorer leur bien-\u00eatre quotidien. A travailler leur concentration et leur m\u00e9moire, la confiance en soi et leur permettre de se projeter positivement et sereinement vers leur avenir\u2026 mais aussi de se pr\u00e9parer aux diff\u00e9rents examens et concours qui jallonnent le parcours de la vie des ados. Les exercices propos\u00e9s sont toujours adapt\u00e9 et personnalis\u00e9 \u00e0 ses besoins. Ils lui permettront d&rsquo;apprendre \u00e0 se d\u00e9tendre, \u00e0 l\u00e2cher prise, \u00e0 g\u00e9rer ses \u00e9motions, ses angoisses, son stress, les troubles du sommeil&#8230; afin d\u2019optimiser tout son potentiel en puissant dans ses ressources pour mieux vivre le quotidien et se sentir \u00e9panoui et bien dans sa peau. Au fur et \u00e0 mesure de l&rsquo;accompagnement, les s\u00e9ances de sophrologies permettent de trouver un meilleur \u00e9quilibre dans sa vie quotidienne.<\/span><\/p>\t\t\t\t\t\t\t\t<\/div>\n\t\t\t\t<\/div>\n\t\t\t\t\t<\/div>\n\t\t\t\t<\/div>\n\t\t<div class=\"elementor-element elementor-element-a7f0928 e-flex e-con-boxed e-con e-parent\" data-id=\"a7f0928\" data-element_type=\"container\" data-e-type=\"container\">\n\t\t\t\t\t<div class=\"e-con-inner\">\n\t\t\t\t<div class=\"elementor-element elementor-element-3a41115 elementor-widget elementor-widget-heading\" data-id=\"3a41115\" data-element_type=\"widget\" data-e-type=\"widget\" data-widget_type=\"heading.default\">\n\t\t\t\t<div class=\"elementor-widget-container\">\n\t\t\t\t\t<h1 class=\"elementor-heading-title elementor-size-default\">La sophrologie favorise les apprentissages, le d\u00e9veloppement du bien-\u00eatre et l'\u00e9panouissement de soi<\/h1>\t\t\t\t<\/div>\n\t\t\t\t<\/div>\n\t\t\t\t\t<\/div>\n\t\t\t\t<\/div>\n\t\t<div class=\"elementor-element elementor-element-3d55f1b e-flex e-con-boxed e-con e-parent\" data-id=\"3d55f1b\" data-element_type=\"container\" data-e-type=\"container\">\n\t\t\t\t\t<div class=\"e-con-inner\">\n\t\t\t\t<div class=\"elementor-element elementor-element-ca665d6 elementor-widget elementor-widget-text-editor\" data-id=\"ca665d6\" data-element_type=\"widget\" data-e-type=\"widget\" data-widget_type=\"text-editor.default\">\n\t\t\t\t<div class=\"elementor-widget-container\">\n\t\t\t\t\t\t\t\t\t<p><span style=\"font-size: 15px;\">Ces s\u00e9ances individuelles ou ateliers de petit groupe ont pour but d\u2019installer des routines gr\u00e2ce \u00e0 la richesse des exercices dynamiques et statiques, ou l&rsquo;ado pourra puiser dans son quotidien. Les s\u00e9ances se d\u00e9roulent toujours autour des valeurs d\u2019\u00e9coute bienveillante et de respect de chacun.<\/span><\/p>\t\t\t\t\t\t\t\t<\/div>\n\t\t\t\t<\/div>\n\t\t\t\t\t<\/div>\n\t\t\t\t<\/div>\n\t\t<div class=\"elementor-element elementor-element-14af699 e-flex e-con-boxed e-con e-parent\" data-id=\"14af699\" data-element_type=\"container\" data-e-type=\"container\">\n\t\t\t\t\t<div class=\"e-con-inner\">\n\t\t\t\t<div class=\"elementor-element elementor-element-a8a7fe2 elementor-widget elementor-widget-heading\" data-id=\"a8a7fe2\" data-element_type=\"widget\" data-e-type=\"widget\" data-widget_type=\"heading.default\">\n\t\t\t\t<div class=\"elementor-widget-container\">\n\t\t\t\t\t<h4 class=\"elementor-heading-title elementor-size-default\">Vous avez une demande? une interogation? n'h\u00e9sitez plus contactez-moi<\/h4>\t\t\t\t<\/div>\n\t\t\t\t<\/div>\n\t\t\t\t\t<\/div>\n\t\t\t\t<\/div>\n\t\t<div class=\"elementor-element elementor-element-1fec505 e-flex e-con-boxed e-con e-parent\" data-id=\"1fec505\" data-element_type=\"container\" data-e-type=\"container\">\n\t\t\t\t\t<div class=\"e-con-inner\">\n\t\t\t\t<div class=\"elementor-element elementor-element-94c22c4 elementor-align-center elementor-widget__width-initial elementor-widget elementor-widget-button\" data-id=\"94c22c4\" data-element_type=\"widget\" data-e-type=\"widget\" data-widget_type=\"button.default\">\n\t\t\t\t<div class=\"elementor-widget-container\">\n\t\t\t\t\t\t\t\t\t<div class=\"elementor-button-wrapper\">\n\t\t\t\t\t<a class=\"elementor-button elementor-button-link elementor-size-lg\" href=\"#\">\n\t\t\t\t\t\t<span class=\"elementor-button-content-wrapper\">\n\t\t\t\t\t\t\t\t\t<span class=\"elementor-button-text\">Contactez-moi<\/span>\n\t\t\t\t\t<\/span>\n\t\t\t\t\t<\/a>\n\t\t\t\t<\/div>\n\t\t\t\t\t\t\t\t<\/div>\n\t\t\t\t<\/div>\n\t\t\t\t\t<\/div>\n\t\t\t\t<\/div>\n\t\t\t\t<\/div>\n\t\t","protected":false},"excerpt":{"rendered":"<p>Pourquoi consulter un sophrologue pour votre ado? L\u2019adolescence est une p\u00e9riode de transition physique et psychique ou beaucoup de jeunes manquent de confiance en eux, se sentent stress\u00e9s, fatigu\u00e9s, angoiss\u00e9s, &hellip; <\/p>\n","protected":false},"author":1,"featured_media":6602,"comment_status":"closed","ping_status":"open","sticky":false,"template":"","format":"standard","meta":{"footnotes":""},"categories":[16],"tags":[],"class_list":["post-5085","post","type-post","status-publish","format-standard","has-post-thumbnail","hentry","category-sophrologie-pratique"],"yoast_head":"<!-- This site is optimized with the Yoast SEO plugin v27.4 - https:\/\/yoast.com\/product\/yoast-seo-wordpress\/ -->\n<title>La sophrologie pour adolescents - Ang\u00e9lique DEGAND<\/title>\n<meta name=\"robots\" content=\"index, follow, max-snippet:-1, max-image-preview:large, max-video-preview:-1\" \/>\n<link rel=\"canonical\" href=\"https:\/\/angeliquedegand.com\/index.php\/2026\/04\/07\/la-sophrologie-pour-adolescents\/\" \/>\n<meta property=\"og:locale\" content=\"fr_FR\" \/>\n<meta property=\"og:type\" content=\"article\" \/>\n<meta property=\"og:title\" content=\"La sophrologie pour adolescents - Ang\u00e9lique DEGAND\" \/>\n<meta property=\"og:description\" content=\"Pourquoi consulter un sophrologue pour votre ado? L\u2019adolescence est une p\u00e9riode de transition physique et psychique ou beaucoup de jeunes manquent de confiance en eux, se sentent stress\u00e9s, fatigu\u00e9s, angoiss\u00e9s, &hellip;\" \/>\n<meta property=\"og:url\" content=\"https:\/\/angeliquedegand.com\/index.php\/2026\/04\/07\/la-sophrologie-pour-adolescents\/\" \/>\n<meta property=\"og:site_name\" content=\"Ang\u00e9lique DEGAND\" \/>\n<meta property=\"article:published_time\" content=\"2026-04-07T15:26:51+00:00\" \/>\n<meta property=\"article:modified_time\" content=\"2026-04-14T18:00:02+00:00\" \/>\n<meta property=\"og:image\" content=\"https:\/\/angeliquedegand.com\/wp-content\/uploads\/2024\/04\/ai-generated-8588265_1280.jpg\" \/>\n\t<meta property=\"og:image:width\" content=\"1280\" \/>\n\t<meta property=\"og:image:height\" content=\"853\" \/>\n\t<meta property=\"og:image:type\" content=\"image\/jpeg\" \/>\n<meta name=\"author\" content=\"Ang\u00e9lique DEGAND\" \/>\n<meta name=\"twitter:card\" content=\"summary_large_image\" \/>\n<meta name=\"twitter:label1\" content=\"\u00c9crit par\" \/>\n\t<meta name=\"twitter:data1\" content=\"Ang\u00e9lique DEGAND\" \/>\n\t<meta name=\"twitter:label2\" content=\"Dur\u00e9e de lecture estim\u00e9e\" \/>\n\t<meta name=\"twitter:data2\" content=\"3 minutes\" \/>\n<script type=\"application\/ld+json\" class=\"yoast-schema-graph\">{\"@context\":\"https:\\\/\\\/schema.org\",\"@graph\":[{\"@type\":\"Article\",\"@id\":\"https:\\\/\\\/angeliquedegand.com\\\/index.php\\\/2026\\\/04\\\/07\\\/la-sophrologie-pour-adolescents\\\/#article\",\"isPartOf\":{\"@id\":\"https:\\\/\\\/angeliquedegand.com\\\/index.php\\\/2026\\\/04\\\/07\\\/la-sophrologie-pour-adolescents\\\/\"},\"author\":{\"name\":\"Ang\u00e9lique DEGAND\",\"@id\":\"https:\\\/\\\/angeliquedegand.com\\\/#\\\/schema\\\/person\\\/179f64edcb46cfd161c474c54a120c7e\"},\"headline\":\"La sophrologie pour adolescents\",\"datePublished\":\"2026-04-07T15:26:51+00:00\",\"dateModified\":\"2026-04-14T18:00:02+00:00\",\"mainEntityOfPage\":{\"@id\":\"https:\\\/\\\/angeliquedegand.com\\\/index.php\\\/2026\\\/04\\\/07\\\/la-sophrologie-pour-adolescents\\\/\"},\"wordCount\":565,\"publisher\":{\"@id\":\"https:\\\/\\\/angeliquedegand.com\\\/#\\\/schema\\\/person\\\/179f64edcb46cfd161c474c54a120c7e\"},\"image\":{\"@id\":\"https:\\\/\\\/angeliquedegand.com\\\/index.php\\\/2026\\\/04\\\/07\\\/la-sophrologie-pour-adolescents\\\/#primaryimage\"},\"thumbnailUrl\":\"https:\\\/\\\/angeliquedegand.com\\\/wp-content\\\/uploads\\\/2024\\\/04\\\/ai-generated-8588265_1280.jpg\",\"articleSection\":[\"sophrologie pratique\"],\"inLanguage\":\"fr-FR\"},{\"@type\":\"WebPage\",\"@id\":\"https:\\\/\\\/angeliquedegand.com\\\/index.php\\\/2026\\\/04\\\/07\\\/la-sophrologie-pour-adolescents\\\/\",\"url\":\"https:\\\/\\\/angeliquedegand.com\\\/index.php\\\/2026\\\/04\\\/07\\\/la-sophrologie-pour-adolescents\\\/\",\"name\":\"La sophrologie pour adolescents - Ang\u00e9lique DEGAND\",\"isPartOf\":{\"@id\":\"https:\\\/\\\/angeliquedegand.com\\\/#website\"},\"primaryImageOfPage\":{\"@id\":\"https:\\\/\\\/angeliquedegand.com\\\/index.php\\\/2026\\\/04\\\/07\\\/la-sophrologie-pour-adolescents\\\/#primaryimage\"},\"image\":{\"@id\":\"https:\\\/\\\/angeliquedegand.com\\\/index.php\\\/2026\\\/04\\\/07\\\/la-sophrologie-pour-adolescents\\\/#primaryimage\"},\"thumbnailUrl\":\"https:\\\/\\\/angeliquedegand.com\\\/wp-content\\\/uploads\\\/2024\\\/04\\\/ai-generated-8588265_1280.jpg\",\"datePublished\":\"2026-04-07T15:26:51+00:00\",\"dateModified\":\"2026-04-14T18:00:02+00:00\",\"breadcrumb\":{\"@id\":\"https:\\\/\\\/angeliquedegand.com\\\/index.php\\\/2026\\\/04\\\/07\\\/la-sophrologie-pour-adolescents\\\/#breadcrumb\"},\"inLanguage\":\"fr-FR\",\"potentialAction\":[{\"@type\":\"ReadAction\",\"target\":[\"https:\\\/\\\/angeliquedegand.com\\\/index.php\\\/2026\\\/04\\\/07\\\/la-sophrologie-pour-adolescents\\\/\"]}]},{\"@type\":\"ImageObject\",\"inLanguage\":\"fr-FR\",\"@id\":\"https:\\\/\\\/angeliquedegand.com\\\/index.php\\\/2026\\\/04\\\/07\\\/la-sophrologie-pour-adolescents\\\/#primaryimage\",\"url\":\"https:\\\/\\\/angeliquedegand.com\\\/wp-content\\\/uploads\\\/2024\\\/04\\\/ai-generated-8588265_1280.jpg\",\"contentUrl\":\"https:\\\/\\\/angeliquedegand.com\\\/wp-content\\\/uploads\\\/2024\\\/04\\\/ai-generated-8588265_1280.jpg\",\"width\":1280,\"height\":853,\"caption\":\"Au lyc\u00e9e\"},{\"@type\":\"BreadcrumbList\",\"@id\":\"https:\\\/\\\/angeliquedegand.com\\\/index.php\\\/2026\\\/04\\\/07\\\/la-sophrologie-pour-adolescents\\\/#breadcrumb\",\"itemListElement\":[{\"@type\":\"ListItem\",\"position\":1,\"name\":\"Accueil\",\"item\":\"https:\\\/\\\/angeliquedegand.com\\\/\"},{\"@type\":\"ListItem\",\"position\":2,\"name\":\"La sophrologie pour adolescents\"}]},{\"@type\":\"WebSite\",\"@id\":\"https:\\\/\\\/angeliquedegand.com\\\/#website\",\"url\":\"https:\\\/\\\/angeliquedegand.com\\\/\",\"name\":\"Ang\u00e9lique DEGAND\",\"description\":\"Sophrologue, Sophrot\u00e9rapeute et praticienne en th\u00e9rapies br\u00e8ves, \u00e0 Caen et \u00e0 Domjean - Normandie -\",\"publisher\":{\"@id\":\"https:\\\/\\\/angeliquedegand.com\\\/#\\\/schema\\\/person\\\/179f64edcb46cfd161c474c54a120c7e\"},\"potentialAction\":[{\"@type\":\"SearchAction\",\"target\":{\"@type\":\"EntryPoint\",\"urlTemplate\":\"https:\\\/\\\/angeliquedegand.com\\\/?s={search_term_string}\"},\"query-input\":{\"@type\":\"PropertyValueSpecification\",\"valueRequired\":true,\"valueName\":\"search_term_string\"}}],\"inLanguage\":\"fr-FR\"},{\"@type\":[\"Person\",\"Organization\"],\"@id\":\"https:\\\/\\\/angeliquedegand.com\\\/#\\\/schema\\\/person\\\/179f64edcb46cfd161c474c54a120c7e\",\"name\":\"Ang\u00e9lique DEGAND\",\"image\":{\"@type\":\"ImageObject\",\"inLanguage\":\"fr-FR\",\"@id\":\"https:\\\/\\\/secure.gravatar.com\\\/avatar\\\/3f3a80165b0fcaac567c5d4172d9e47142921b3fda8e5caee0575641aa655c76?s=96&d=mm&r=g\",\"url\":\"https:\\\/\\\/secure.gravatar.com\\\/avatar\\\/3f3a80165b0fcaac567c5d4172d9e47142921b3fda8e5caee0575641aa655c76?s=96&d=mm&r=g\",\"contentUrl\":\"https:\\\/\\\/secure.gravatar.com\\\/avatar\\\/3f3a80165b0fcaac567c5d4172d9e47142921b3fda8e5caee0575641aa655c76?s=96&d=mm&r=g\",\"caption\":\"Ang\u00e9lique DEGAND\"},\"logo\":{\"@id\":\"https:\\\/\\\/secure.gravatar.com\\\/avatar\\\/3f3a80165b0fcaac567c5d4172d9e47142921b3fda8e5caee0575641aa655c76?s=96&d=mm&r=g\"},\"sameAs\":[\"https:\\\/\\\/angeliquedegand.com\"],\"url\":\"https:\\\/\\\/angeliquedegand.com\\\/index.php\\\/author\\\/admin4774\\\/\"}]}<\/script>\n<!-- \/ Yoast SEO plugin. -->","yoast_head_json":{"title":"La sophrologie pour adolescents - Ang\u00e9lique DEGAND","robots":{"index":"index","follow":"follow","max-snippet":"max-snippet:-1","max-image-preview":"max-image-preview:large","max-video-preview":"max-video-preview:-1"},"canonical":"https:\/\/angeliquedegand.com\/index.php\/2026\/04\/07\/la-sophrologie-pour-adolescents\/","og_locale":"fr_FR","og_type":"article","og_title":"La sophrologie pour adolescents - Ang\u00e9lique DEGAND","og_description":"Pourquoi consulter un sophrologue pour votre ado? L\u2019adolescence est une p\u00e9riode de transition physique et psychique ou beaucoup de jeunes manquent de confiance en eux, se sentent stress\u00e9s, fatigu\u00e9s, angoiss\u00e9s, &hellip;","og_url":"https:\/\/angeliquedegand.com\/index.php\/2026\/04\/07\/la-sophrologie-pour-adolescents\/","og_site_name":"Ang\u00e9lique DEGAND","article_published_time":"2026-04-07T15:26:51+00:00","article_modified_time":"2026-04-14T18:00:02+00:00","og_image":[{"width":1280,"height":853,"url":"https:\/\/angeliquedegand.com\/wp-content\/uploads\/2024\/04\/ai-generated-8588265_1280.jpg","type":"image\/jpeg"}],"author":"Ang\u00e9lique DEGAND","twitter_card":"summary_large_image","twitter_misc":{"\u00c9crit par":"Ang\u00e9lique DEGAND","Dur\u00e9e de lecture estim\u00e9e":"3 minutes"},"schema":{"@context":"https:\/\/schema.org","@graph":[{"@type":"Article","@id":"https:\/\/angeliquedegand.com\/index.php\/2026\/04\/07\/la-sophrologie-pour-adolescents\/#article","isPartOf":{"@id":"https:\/\/angeliquedegand.com\/index.php\/2026\/04\/07\/la-sophrologie-pour-adolescents\/"},"author":{"name":"Ang\u00e9lique DEGAND","@id":"https:\/\/angeliquedegand.com\/#\/schema\/person\/179f64edcb46cfd161c474c54a120c7e"},"headline":"La sophrologie pour adolescents","datePublished":"2026-04-07T15:26:51+00:00","dateModified":"2026-04-14T18:00:02+00:00","mainEntityOfPage":{"@id":"https:\/\/angeliquedegand.com\/index.php\/2026\/04\/07\/la-sophrologie-pour-adolescents\/"},"wordCount":565,"publisher":{"@id":"https:\/\/angeliquedegand.com\/#\/schema\/person\/179f64edcb46cfd161c474c54a120c7e"},"image":{"@id":"https:\/\/angeliquedegand.com\/index.php\/2026\/04\/07\/la-sophrologie-pour-adolescents\/#primaryimage"},"thumbnailUrl":"https:\/\/angeliquedegand.com\/wp-content\/uploads\/2024\/04\/ai-generated-8588265_1280.jpg","articleSection":["sophrologie pratique"],"inLanguage":"fr-FR"},{"@type":"WebPage","@id":"https:\/\/angeliquedegand.com\/index.php\/2026\/04\/07\/la-sophrologie-pour-adolescents\/","url":"https:\/\/angeliquedegand.com\/index.php\/2026\/04\/07\/la-sophrologie-pour-adolescents\/","name":"La sophrologie pour adolescents - Ang\u00e9lique DEGAND","isPartOf":{"@id":"https:\/\/angeliquedegand.com\/#website"},"primaryImageOfPage":{"@id":"https:\/\/angeliquedegand.com\/index.php\/2026\/04\/07\/la-sophrologie-pour-adolescents\/#primaryimage"},"image":{"@id":"https:\/\/angeliquedegand.com\/index.php\/2026\/04\/07\/la-sophrologie-pour-adolescents\/#primaryimage"},"thumbnailUrl":"https:\/\/angeliquedegand.com\/wp-content\/uploads\/2024\/04\/ai-generated-8588265_1280.jpg","datePublished":"2026-04-07T15:26:51+00:00","dateModified":"2026-04-14T18:00:02+00:00","breadcrumb":{"@id":"https:\/\/angeliquedegand.com\/index.php\/2026\/04\/07\/la-sophrologie-pour-adolescents\/#breadcrumb"},"inLanguage":"fr-FR","potentialAction":[{"@type":"ReadAction","target":["https:\/\/angeliquedegand.com\/index.php\/2026\/04\/07\/la-sophrologie-pour-adolescents\/"]}]},{"@type":"ImageObject","inLanguage":"fr-FR","@id":"https:\/\/angeliquedegand.com\/index.php\/2026\/04\/07\/la-sophrologie-pour-adolescents\/#primaryimage","url":"https:\/\/angeliquedegand.com\/wp-content\/uploads\/2024\/04\/ai-generated-8588265_1280.jpg","contentUrl":"https:\/\/angeliquedegand.com\/wp-content\/uploads\/2024\/04\/ai-generated-8588265_1280.jpg","width":1280,"height":853,"caption":"Au lyc\u00e9e"},{"@type":"BreadcrumbList","@id":"https:\/\/angeliquedegand.com\/index.php\/2026\/04\/07\/la-sophrologie-pour-adolescents\/#breadcrumb","itemListElement":[{"@type":"ListItem","position":1,"name":"Accueil","item":"https:\/\/angeliquedegand.com\/"},{"@type":"ListItem","position":2,"name":"La sophrologie pour adolescents"}]},{"@type":"WebSite","@id":"https:\/\/angeliquedegand.com\/#website","url":"https:\/\/angeliquedegand.com\/","name":"Ang\u00e9lique DEGAND","description":"Sophrologue, Sophrot\u00e9rapeute et praticienne en th\u00e9rapies br\u00e8ves, \u00e0 Caen et \u00e0 Domjean - Normandie -","publisher":{"@id":"https:\/\/angeliquedegand.com\/#\/schema\/person\/179f64edcb46cfd161c474c54a120c7e"},"potentialAction":[{"@type":"SearchAction","target":{"@type":"EntryPoint","urlTemplate":"https:\/\/angeliquedegand.com\/?s={search_term_string}"},"query-input":{"@type":"PropertyValueSpecification","valueRequired":true,"valueName":"search_term_string"}}],"inLanguage":"fr-FR"},{"@type":["Person","Organization"],"@id":"https:\/\/angeliquedegand.com\/#\/schema\/person\/179f64edcb46cfd161c474c54a120c7e","name":"Ang\u00e9lique DEGAND","image":{"@type":"ImageObject","inLanguage":"fr-FR","@id":"https:\/\/secure.gravatar.com\/avatar\/3f3a80165b0fcaac567c5d4172d9e47142921b3fda8e5caee0575641aa655c76?s=96&d=mm&r=g","url":"https:\/\/secure.gravatar.com\/avatar\/3f3a80165b0fcaac567c5d4172d9e47142921b3fda8e5caee0575641aa655c76?s=96&d=mm&r=g","contentUrl":"https:\/\/secure.gravatar.com\/avatar\/3f3a80165b0fcaac567c5d4172d9e47142921b3fda8e5caee0575641aa655c76?s=96&d=mm&r=g","caption":"Ang\u00e9lique DEGAND"},"logo":{"@id":"https:\/\/secure.gravatar.com\/avatar\/3f3a80165b0fcaac567c5d4172d9e47142921b3fda8e5caee0575641aa655c76?s=96&d=mm&r=g"},"sameAs":["https:\/\/angeliquedegand.com"],"url":"https:\/\/angeliquedegand.com\/index.php\/author\/admin4774\/"}]}},"_links":{"self":[{"href":"https:\/\/angeliquedegand.com\/index.php\/wp-json\/wp\/v2\/posts\/5085","targetHints":{"allow":["GET"]}}],"collection":[{"href":"https:\/\/angeliquedegand.com\/index.php\/wp-json\/wp\/v2\/posts"}],"about":[{"href":"https:\/\/angeliquedegand.com\/index.php\/wp-json\/wp\/v2\/types\/post"}],"author":[{"embeddable":true,"href":"https:\/\/angeliquedegand.com\/index.php\/wp-json\/wp\/v2\/users\/1"}],"replies":[{"embeddable":true,"href":"https:\/\/angeliquedegand.com\/index.php\/wp-json\/wp\/v2\/comments?post=5085"}],"version-history":[{"count":15,"href":"https:\/\/angeliquedegand.com\/index.php\/wp-json\/wp\/v2\/posts\/5085\/revisions"}],"predecessor-version":[{"id":9617,"href":"https:\/\/angeliquedegand.com\/index.php\/wp-json\/wp\/v2\/posts\/5085\/revisions\/9617"}],"wp:featuredmedia":[{"embeddable":true,"href":"https:\/\/angeliquedegand.com\/index.php\/wp-json\/wp\/v2\/media\/6602"}],"wp:attachment":[{"href":"https:\/\/angeliquedegand.com\/index.php\/wp-json\/wp\/v2\/media?parent=5085"}],"wp:term":[{"taxonomy":"category","embeddable":true,"href":"https:\/\/angeliquedegand.com\/index.php\/wp-json\/wp\/v2\/categories?post=5085"},{"taxonomy":"post_tag","embeddable":true,"href":"https:\/\/angeliquedegand.com\/index.php\/wp-json\/wp\/v2\/tags?post=5085"}],"curies":[{"name":"wp","href":"https:\/\/api.w.org\/{rel}","templated":true}]}}